{"id":147,"date":"2005-01-09T02:11:13","date_gmt":"2005-01-09T02:11:13","guid":{"rendered":"http:\/\/informacyde.com\/blog\/?p=147"},"modified":"2014-01-04T20:12:55","modified_gmt":"2014-01-04T19:12:55","slug":"jamel-pour-dieudonne","status":"publish","type":"post","link":"https:\/\/www.informacyde.com\/blog\/actus\/jamel-pour-dieudonne\/","title":{"rendered":"Jamel pour Dieudonn\u00e9 ?"},"content":{"rendered":"<p style=\"text-align: center;\"><img data-recalc-dims=\"1\" decoding=\"async\" class=\"aligncenter size-full wp-image-5214\" style=\"border: 1px solid black;\" title=\"Jamel-Debbouze_closer_star_large\" alt=\"\" src=\"https:\/\/i0.wp.com\/informacyde.com\/blog\/wp-content\/uploads\/2005\/02\/Jamel-Debbouze_closer_star_large.jpg?resize=335%2C335\" width=\"335\" height=\"335\" \/><\/p>\n<p>J&rsquo;ai entendu aujourd&rsquo;hui, une chose que j&rsquo;ai du mal \u00e0 croire. A la derni\u00e8re de son spectacle, Dieudonn\u00e9, humoriste aujourd&rsquo;hui c\u00e9l\u00e8bre pour son intervention choquante dans l&rsquo;\u00e9mission \u00ab\u00a0On ne peut pas plaire \u00e0 tout le monde\u00a0\u00bb, sur France 3, pr\u00e9sent\u00e9 par Marc-Olivier FOGIEL visant le peuple juif, aurait pris pour cible une nouvelle fois le peuple juif en racontant d&rsquo;ignoble choses sur celui-ci. D&rsquo;apr\u00e8s ce que j&rsquo;ai compris, il se sentirait en quelque sorte pers\u00e9cut\u00e9e par le peuple juif. Pendant son spectacle, <a href=\"http:\/\/informacyde.com\/blog\/actus\/jamel-debbouze-contre-dieudonne\/\" hreflang=\"fr\">Jamel Debbouze<\/a> serai intervenu, au d\u00e9but masqu\u00e9 par une \u00e9charpe, en disant \u00e0 Dieudonn\u00e9 qu&rsquo;il avait g\u00e2che sa carri\u00e8re, et en lui faisant comprendre qu&rsquo;il ne l&rsquo;aime pas, tout cela, pour rigoler. Il a ensuite \u00f4t\u00e9 son \u00e9charpe pour dire quelques phrases tr\u00e8s choquante\u00a0: \u00ab\u00a0J&rsquo;admire Dieudonn\u00e9e&#8230; C&rsquo;est pas vous qui vous \u00eates tap\u00e9s Michel Drucker et Enrico Macias pendant une soir\u00e9e. Il dit tout haut ce que tout le monde pense tout bas\u00a0\u00bb. Ce ne sont pas les paroles exactes de Jamel.<\/p>\n<p>Eh bien moi, je n&rsquo;arrive pas \u00e0 y croire. J&rsquo;ai regard\u00e9 l&rsquo;\u00e9mission de Michel Drucker, et je ne peux pas admettre que Jamel se soit ennuy\u00e9 \u00e0 cette soir\u00e9e. O\u00f9 alors, il joue la com\u00e9die d&rsquo;une fa\u00e7on extraordinaire. Mais je ne pense pas. Il a beaucoup d&rsquo;ami juif, comme Eli Semoune, Enrico Macias, Gad Elmaleh, etc. Et puis il est en ce moment \u00e0 l&rsquo;apog\u00e9e de sa carri\u00e8re, alors je ne pense pas qu&rsquo;il est assez idiot pour faire ce genre de chose. Bref, de nombreux \u00e9l\u00e9ments qui me viennent en t\u00eate et qui me font dire que la presse \u00e0 une nouvelle fois d\u00e9form\u00e9e les propos r\u00e9elles&#8230;<\/p>\n<p>J&rsquo;esp\u00e8re avoir des r\u00e9actions dans les commentaires de cet article, car j&rsquo;aimerai beaucoup savoir ce que vous en pensez, votre avis. Pour faire un commentaire, <a href=\"http:\/\/informacyde.com\/blog\/actus\/jamel-pour-dieudonne\/#idc-container\">c&rsquo;est ici<\/a>.<\/p>\n<p><strong>A lire aussi<\/strong> : <a href=\"http:\/\/informacyde.com\/blog\/actus\/dieudonne-et-sa-quenelle\/\" target=\"_blank\">Dieudonn\u00e9 et sa quenelle<\/a><\/p>\n<p style=\"text-align: center;\"><img data-recalc-dims=\"1\" decoding=\"async\" class=\"aligncenter size-full wp-image-5215\" style=\"border: 1px solid black;\" title=\"h-20-1656144-1250160204\" alt=\"\" src=\"https:\/\/i0.wp.com\/informacyde.com\/blog\/wp-content\/uploads\/2005\/02\/h-20-1656144-1250160204.jpg?resize=440%2C247\" width=\"440\" height=\"247\" \/><\/p>\n","protected":false},"excerpt":{"rendered":"<p>J&rsquo;ai entendu aujourd&rsquo;hui, une chose que j&rsquo;ai du mal \u00e0 croire. A la derni\u00e8re de son spectacle, Dieudonn\u00e9, humoriste aujourd&rsquo;hui c\u00e9l\u00e8bre pour son intervention choquante dans l&rsquo;\u00e9mission \u00ab\u00a0On ne peut&hellip;<\/p>\n","protected":false},"author":10,"featured_media":0,"comment_status":"open","ping_status":"open","sticky":false,"template":"","format":"standard","meta":{"jetpack_post_was_ever_published":false,"_jetpack_newsletter_access":"","_jetpack_dont_email_post_to_subs":false,"_jetpack_newsletter_tier_id":0,"_jetpack_memberships_contains_paywalled_content":false,"_jetpack_memberships_contains_paid_content":false,"footnotes":""},"categories":[10],"tags":[],"class_list":["post-147","post","type-post","status-publish","format-standard","hentry","category-actus"],"yoast_head":"<!-- This site is optimized with the Yoast SEO plugin v27.4 - https:\/\/yoast.com\/product\/yoast-seo-wordpress\/ -->\n<title>Jamel pour Dieudonn\u00e9 ? - Informacyde<\/title>\n<meta name=\"robots\" content=\"index, follow, max-snippet:-1, max-image-preview:large, max-video-preview:-1\" \/>\n<link rel=\"canonical\" href=\"https:\/\/www.informacyde.com\/blog\/actus\/jamel-pour-dieudonne\/\" \/>\n<meta property=\"og:locale\" content=\"fr_FR\" \/>\n<meta property=\"og:type\" content=\"article\" \/>\n<meta property=\"og:title\" content=\"Jamel pour Dieudonn\u00e9 ? - Informacyde\" \/>\n<meta property=\"og:description\" content=\"J&rsquo;ai entendu aujourd&rsquo;hui, une chose que j&rsquo;ai du mal \u00e0 croire. A la derni\u00e8re de son spectacle, Dieudonn\u00e9, humoriste aujourd&rsquo;hui c\u00e9l\u00e8bre pour son intervention choquante dans l&rsquo;\u00e9mission \u00ab\u00a0On ne peut&hellip;\" \/>\n<meta property=\"og:url\" content=\"https:\/\/www.informacyde.com\/blog\/actus\/jamel-pour-dieudonne\/\" \/>\n<meta property=\"og:site_name\" content=\"Informacyde\" \/>\n<meta property=\"article:published_time\" content=\"2005-01-09T02:11:13+00:00\" \/>\n<meta property=\"article:modified_time\" content=\"2014-01-04T19:12:55+00:00\" \/>\n<meta property=\"og:image\" content=\"http:\/\/informacyde.com\/blog\/wp-content\/uploads\/2005\/02\/Jamel-Debbouze_closer_star_large.jpg\" \/>\n<meta name=\"author\" content=\"Harold\" \/>\n<meta name=\"twitter:card\" content=\"summary_large_image\" \/>\n<meta name=\"twitter:creator\" content=\"@https:\/\/twitter.com\/informacyde\" \/>\n<meta name=\"twitter:site\" content=\"@informacyde\" \/>\n<meta name=\"twitter:label1\" content=\"\u00c9crit par\" \/>\n\t<meta name=\"twitter:data1\" content=\"Harold\" \/>\n\t<meta name=\"twitter:label2\" content=\"Dur\u00e9e de lecture estim\u00e9e\" \/>\n\t<meta name=\"twitter:data2\" content=\"2 minutes\" \/>\n<script type=\"application\/ld+json\" class=\"yoast-schema-graph\">{\"@context\":\"https:\\\/\\\/schema.org\",\"@graph\":[{\"@type\":\"Article\",\"@id\":\"https:\\\/\\\/www.informacyde.com\\\/blog\\\/actus\\\/jamel-pour-dieudonne\\\/#article\",\"isPartOf\":{\"@id\":\"https:\\\/\\\/www.informacyde.com\\\/blog\\\/actus\\\/jamel-pour-dieudonne\\\/\"},\"author\":{\"name\":\"Harold\",\"@id\":\"https:\\\/\\\/www.informacyde.com\\\/blog\\\/#\\\/schema\\\/person\\\/e7e6dfe56d697fdbf8cdc6ab587bd4a3\"},\"headline\":\"Jamel pour Dieudonn\u00e9 ?\",\"datePublished\":\"2005-01-09T02:11:13+00:00\",\"dateModified\":\"2014-01-04T19:12:55+00:00\",\"mainEntityOfPage\":{\"@id\":\"https:\\\/\\\/www.informacyde.com\\\/blog\\\/actus\\\/jamel-pour-dieudonne\\\/\"},\"wordCount\":350,\"commentCount\":148,\"publisher\":{\"@id\":\"https:\\\/\\\/www.informacyde.com\\\/blog\\\/#\\\/schema\\\/person\\\/e7e6dfe56d697fdbf8cdc6ab587bd4a3\"},\"image\":{\"@id\":\"https:\\\/\\\/www.informacyde.com\\\/blog\\\/actus\\\/jamel-pour-dieudonne\\\/#primaryimage\"},\"thumbnailUrl\":\"http:\\\/\\\/informacyde.com\\\/blog\\\/wp-content\\\/uploads\\\/2005\\\/02\\\/Jamel-Debbouze_closer_star_large.jpg\",\"articleSection\":[\"Actus\"],\"inLanguage\":\"fr-FR\",\"potentialAction\":[{\"@type\":\"CommentAction\",\"name\":\"Comment\",\"target\":[\"https:\\\/\\\/www.informacyde.com\\\/blog\\\/actus\\\/jamel-pour-dieudonne\\\/#respond\"]}]},{\"@type\":\"WebPage\",\"@id\":\"https:\\\/\\\/www.informacyde.com\\\/blog\\\/actus\\\/jamel-pour-dieudonne\\\/\",\"url\":\"https:\\\/\\\/www.informacyde.com\\\/blog\\\/actus\\\/jamel-pour-dieudonne\\\/\",\"name\":\"Jamel pour Dieudonn\u00e9 ? - Informacyde\",\"isPartOf\":{\"@id\":\"https:\\\/\\\/www.informacyde.com\\\/blog\\\/#website\"},\"primaryImageOfPage\":{\"@id\":\"https:\\\/\\\/www.informacyde.com\\\/blog\\\/actus\\\/jamel-pour-dieudonne\\\/#primaryimage\"},\"image\":{\"@id\":\"https:\\\/\\\/www.informacyde.com\\\/blog\\\/actus\\\/jamel-pour-dieudonne\\\/#primaryimage\"},\"thumbnailUrl\":\"http:\\\/\\\/informacyde.com\\\/blog\\\/wp-content\\\/uploads\\\/2005\\\/02\\\/Jamel-Debbouze_closer_star_large.jpg\",\"datePublished\":\"2005-01-09T02:11:13+00:00\",\"dateModified\":\"2014-01-04T19:12:55+00:00\",\"breadcrumb\":{\"@id\":\"https:\\\/\\\/www.informacyde.com\\\/blog\\\/actus\\\/jamel-pour-dieudonne\\\/#breadcrumb\"},\"inLanguage\":\"fr-FR\",\"potentialAction\":[{\"@type\":\"ReadAction\",\"target\":[\"https:\\\/\\\/www.informacyde.com\\\/blog\\\/actus\\\/jamel-pour-dieudonne\\\/\"]}]},{\"@type\":\"ImageObject\",\"inLanguage\":\"fr-FR\",\"@id\":\"https:\\\/\\\/www.informacyde.com\\\/blog\\\/actus\\\/jamel-pour-dieudonne\\\/#primaryimage\",\"url\":\"http:\\\/\\\/informacyde.com\\\/blog\\\/wp-content\\\/uploads\\\/2005\\\/02\\\/Jamel-Debbouze_closer_star_large.jpg\",\"contentUrl\":\"http:\\\/\\\/informacyde.com\\\/blog\\\/wp-content\\\/uploads\\\/2005\\\/02\\\/Jamel-Debbouze_closer_star_large.jpg\"},{\"@type\":\"BreadcrumbList\",\"@id\":\"https:\\\/\\\/www.informacyde.com\\\/blog\\\/actus\\\/jamel-pour-dieudonne\\\/#breadcrumb\",\"itemListElement\":[{\"@type\":\"ListItem\",\"position\":1,\"name\":\"Accueil\",\"item\":\"https:\\\/\\\/www.informacyde.com\\\/blog\\\/\"},{\"@type\":\"ListItem\",\"position\":2,\"name\":\"Jamel pour Dieudonn\u00e9 ?\"}]},{\"@type\":\"WebSite\",\"@id\":\"https:\\\/\\\/www.informacyde.com\\\/blog\\\/#website\",\"url\":\"https:\\\/\\\/www.informacyde.com\\\/blog\\\/\",\"name\":\"Informacyde\",\"description\":\"High-Tech &amp; Co - Depuis 2004\",\"publisher\":{\"@id\":\"https:\\\/\\\/www.informacyde.com\\\/blog\\\/#\\\/schema\\\/person\\\/e7e6dfe56d697fdbf8cdc6ab587bd4a3\"},\"potentialAction\":[{\"@type\":\"SearchAction\",\"target\":{\"@type\":\"EntryPoint\",\"urlTemplate\":\"https:\\\/\\\/www.informacyde.com\\\/blog\\\/?s={search_term_string}\"},\"query-input\":{\"@type\":\"PropertyValueSpecification\",\"valueRequired\":true,\"valueName\":\"search_term_string\"}}],\"inLanguage\":\"fr-FR\"},{\"@type\":[\"Person\",\"Organization\"],\"@id\":\"https:\\\/\\\/www.informacyde.com\\\/blog\\\/#\\\/schema\\\/person\\\/e7e6dfe56d697fdbf8cdc6ab587bd4a3\",\"name\":\"Harold\",\"logo\":{\"@id\":\"https:\\\/\\\/www.informacyde.com\\\/blog\\\/#\\\/schema\\\/person\\\/image\\\/\"},\"sameAs\":[\"https:\\\/\\\/www.linkedin.com\\\/in\\\/harold-birene-6b35a2114\\\/\",\"https:\\\/\\\/x.com\\\/https:\\\/\\\/twitter.com\\\/informacyde\"],\"url\":\"https:\\\/\\\/www.informacyde.com\\\/blog\"}]}<\/script>\n<!-- \/ Yoast SEO plugin. -->","yoast_head_json":{"title":"Jamel pour Dieudonn\u00e9 ? - Informacyde","robots":{"index":"index","follow":"follow","max-snippet":"max-snippet:-1","max-image-preview":"max-image-preview:large","max-video-preview":"max-video-preview:-1"},"canonical":"https:\/\/www.informacyde.com\/blog\/actus\/jamel-pour-dieudonne\/","og_locale":"fr_FR","og_type":"article","og_title":"Jamel pour Dieudonn\u00e9 ? - Informacyde","og_description":"J&rsquo;ai entendu aujourd&rsquo;hui, une chose que j&rsquo;ai du mal \u00e0 croire. A la derni\u00e8re de son spectacle, Dieudonn\u00e9, humoriste aujourd&rsquo;hui c\u00e9l\u00e8bre pour son intervention choquante dans l&rsquo;\u00e9mission \u00ab\u00a0On ne peut&hellip;","og_url":"https:\/\/www.informacyde.com\/blog\/actus\/jamel-pour-dieudonne\/","og_site_name":"Informacyde","article_published_time":"2005-01-09T02:11:13+00:00","article_modified_time":"2014-01-04T19:12:55+00:00","og_image":[{"url":"http:\/\/informacyde.com\/blog\/wp-content\/uploads\/2005\/02\/Jamel-Debbouze_closer_star_large.jpg","type":"","width":"","height":""}],"author":"Harold","twitter_card":"summary_large_image","twitter_creator":"@https:\/\/twitter.com\/informacyde","twitter_site":"@informacyde","twitter_misc":{"\u00c9crit par":"Harold","Dur\u00e9e de lecture estim\u00e9e":"2 minutes"},"schema":{"@context":"https:\/\/schema.org","@graph":[{"@type":"Article","@id":"https:\/\/www.informacyde.com\/blog\/actus\/jamel-pour-dieudonne\/#article","isPartOf":{"@id":"https:\/\/www.informacyde.com\/blog\/actus\/jamel-pour-dieudonne\/"},"author":{"name":"Harold","@id":"https:\/\/www.informacyde.com\/blog\/#\/schema\/person\/e7e6dfe56d697fdbf8cdc6ab587bd4a3"},"headline":"Jamel pour Dieudonn\u00e9 ?","datePublished":"2005-01-09T02:11:13+00:00","dateModified":"2014-01-04T19:12:55+00:00","mainEntityOfPage":{"@id":"https:\/\/www.informacyde.com\/blog\/actus\/jamel-pour-dieudonne\/"},"wordCount":350,"commentCount":148,"publisher":{"@id":"https:\/\/www.informacyde.com\/blog\/#\/schema\/person\/e7e6dfe56d697fdbf8cdc6ab587bd4a3"},"image":{"@id":"https:\/\/www.informacyde.com\/blog\/actus\/jamel-pour-dieudonne\/#primaryimage"},"thumbnailUrl":"http:\/\/informacyde.com\/blog\/wp-content\/uploads\/2005\/02\/Jamel-Debbouze_closer_star_large.jpg","articleSection":["Actus"],"inLanguage":"fr-FR","potentialAction":[{"@type":"CommentAction","name":"Comment","target":["https:\/\/www.informacyde.com\/blog\/actus\/jamel-pour-dieudonne\/#respond"]}]},{"@type":"WebPage","@id":"https:\/\/www.informacyde.com\/blog\/actus\/jamel-pour-dieudonne\/","url":"https:\/\/www.informacyde.com\/blog\/actus\/jamel-pour-dieudonne\/","name":"Jamel pour Dieudonn\u00e9 ? - Informacyde","isPartOf":{"@id":"https:\/\/www.informacyde.com\/blog\/#website"},"primaryImageOfPage":{"@id":"https:\/\/www.informacyde.com\/blog\/actus\/jamel-pour-dieudonne\/#primaryimage"},"image":{"@id":"https:\/\/www.informacyde.com\/blog\/actus\/jamel-pour-dieudonne\/#primaryimage"},"thumbnailUrl":"http:\/\/informacyde.com\/blog\/wp-content\/uploads\/2005\/02\/Jamel-Debbouze_closer_star_large.jpg","datePublished":"2005-01-09T02:11:13+00:00","dateModified":"2014-01-04T19:12:55+00:00","breadcrumb":{"@id":"https:\/\/www.informacyde.com\/blog\/actus\/jamel-pour-dieudonne\/#breadcrumb"},"inLanguage":"fr-FR","potentialAction":[{"@type":"ReadAction","target":["https:\/\/www.informacyde.com\/blog\/actus\/jamel-pour-dieudonne\/"]}]},{"@type":"ImageObject","inLanguage":"fr-FR","@id":"https:\/\/www.informacyde.com\/blog\/actus\/jamel-pour-dieudonne\/#primaryimage","url":"http:\/\/informacyde.com\/blog\/wp-content\/uploads\/2005\/02\/Jamel-Debbouze_closer_star_large.jpg","contentUrl":"http:\/\/informacyde.com\/blog\/wp-content\/uploads\/2005\/02\/Jamel-Debbouze_closer_star_large.jpg"},{"@type":"BreadcrumbList","@id":"https:\/\/www.informacyde.com\/blog\/actus\/jamel-pour-dieudonne\/#breadcrumb","itemListElement":[{"@type":"ListItem","position":1,"name":"Accueil","item":"https:\/\/www.informacyde.com\/blog\/"},{"@type":"ListItem","position":2,"name":"Jamel pour Dieudonn\u00e9 ?"}]},{"@type":"WebSite","@id":"https:\/\/www.informacyde.com\/blog\/#website","url":"https:\/\/www.informacyde.com\/blog\/","name":"Informacyde","description":"High-Tech &amp; Co - Depuis 2004","publisher":{"@id":"https:\/\/www.informacyde.com\/blog\/#\/schema\/person\/e7e6dfe56d697fdbf8cdc6ab587bd4a3"},"potentialAction":[{"@type":"SearchAction","target":{"@type":"EntryPoint","urlTemplate":"https:\/\/www.informacyde.com\/blog\/?s={search_term_string}"},"query-input":{"@type":"PropertyValueSpecification","valueRequired":true,"valueName":"search_term_string"}}],"inLanguage":"fr-FR"},{"@type":["Person","Organization"],"@id":"https:\/\/www.informacyde.com\/blog\/#\/schema\/person\/e7e6dfe56d697fdbf8cdc6ab587bd4a3","name":"Harold","logo":{"@id":"https:\/\/www.informacyde.com\/blog\/#\/schema\/person\/image\/"},"sameAs":["https:\/\/www.linkedin.com\/in\/harold-birene-6b35a2114\/","https:\/\/x.com\/https:\/\/twitter.com\/informacyde"],"url":"https:\/\/www.informacyde.com\/blog"}]}},"jetpack_featured_media_url":"","jetpack_shortlink":"https:\/\/wp.me\/piIgU-2n","jetpack_sharing_enabled":true,"_links":{"self":[{"href":"https:\/\/www.informacyde.com\/blog\/wp-json\/wp\/v2\/posts\/147","targetHints":{"allow":["GET"]}}],"collection":[{"href":"https:\/\/www.informacyde.com\/blog\/wp-json\/wp\/v2\/posts"}],"about":[{"href":"https:\/\/www.informacyde.com\/blog\/wp-json\/wp\/v2\/types\/post"}],"author":[{"embeddable":true,"href":"https:\/\/www.informacyde.com\/blog\/wp-json\/wp\/v2\/users\/10"}],"replies":[{"embeddable":true,"href":"https:\/\/www.informacyde.com\/blog\/wp-json\/wp\/v2\/comments?post=147"}],"version-history":[{"count":0,"href":"https:\/\/www.informacyde.com\/blog\/wp-json\/wp\/v2\/posts\/147\/revisions"}],"wp:attachment":[{"href":"https:\/\/www.informacyde.com\/blog\/wp-json\/wp\/v2\/media?parent=147"}],"wp:term":[{"taxonomy":"category","embeddable":true,"href":"https:\/\/www.informacyde.com\/blog\/wp-json\/wp\/v2\/categories?post=147"},{"taxonomy":"post_tag","embeddable":true,"href":"https:\/\/www.informacyde.com\/blog\/wp-json\/wp\/v2\/tags?post=147"}],"curies":[{"name":"wp","href":"https:\/\/api.w.org\/{rel}","templated":true}]}}