{"id":219,"date":"2005-02-13T15:03:19","date_gmt":"2005-02-13T15:03:19","guid":{"rendered":"http:\/\/informacyde.com\/blog\/?p=219"},"modified":"2023-01-28T11:44:17","modified_gmt":"2023-01-28T10:44:17","slug":"jamel-debbouze-contre-dieudonne","status":"publish","type":"post","link":"https:\/\/www.informacyde.com\/blog\/actus\/jamel-debbouze-contre-dieudonne\/","title":{"rendered":"Jamel Debbouze contre Dieudonn\u00e9"},"content":{"rendered":"<p style=\"text-align: center;\"><img data-recalc-dims=\"1\" decoding=\"async\" data-attachment-id=\"10192\" data-permalink=\"https:\/\/www.informacyde.com\/blog\/actus\/jamel-debbouze-contre-dieudonne\/attachment\/glenn-carstens-peters-eoqhsffbhrk-unsplash\/\" data-orig-file=\"https:\/\/i0.wp.com\/www.informacyde.com\/blog\/wp-content\/uploads\/2005\/02\/glenn-carstens-peters-EOQhsfFBhRk-unsplash.jpg?fit=1920%2C1277&amp;ssl=1\" data-orig-size=\"1920,1277\" data-comments-opened=\"1\" data-image-meta=\"{&quot;aperture&quot;:&quot;0&quot;,&quot;credit&quot;:&quot;&quot;,&quot;camera&quot;:&quot;&quot;,&quot;caption&quot;:&quot;&quot;,&quot;created_timestamp&quot;:&quot;0&quot;,&quot;copyright&quot;:&quot;&quot;,&quot;focal_length&quot;:&quot;0&quot;,&quot;iso&quot;:&quot;0&quot;,&quot;shutter_speed&quot;:&quot;0&quot;,&quot;title&quot;:&quot;&quot;,&quot;orientation&quot;:&quot;0&quot;}\" data-image-title=\"glenn-carstens-peters-EOQhsfFBhRk-unsplash\" data-image-description=\"\" data-image-caption=\"\" data-large-file=\"https:\/\/i0.wp.com\/www.informacyde.com\/blog\/wp-content\/uploads\/2005\/02\/glenn-carstens-peters-EOQhsfFBhRk-unsplash.jpg?fit=1024%2C681&amp;ssl=1\" class=\"aligncenter wp-image-10192 \" src=\"https:\/\/i0.wp.com\/www.informacyde.com\/blog\/wp-content\/uploads\/2005\/02\/glenn-carstens-peters-EOQhsfFBhRk-unsplash.jpg?resize=689%2C458&#038;ssl=1\" alt=\"\" width=\"689\" height=\"458\" srcset=\"https:\/\/i0.wp.com\/www.informacyde.com\/blog\/wp-content\/uploads\/2005\/02\/glenn-carstens-peters-EOQhsfFBhRk-unsplash.jpg?resize=1024%2C681&amp;ssl=1 1024w, https:\/\/i0.wp.com\/www.informacyde.com\/blog\/wp-content\/uploads\/2005\/02\/glenn-carstens-peters-EOQhsfFBhRk-unsplash.jpg?resize=300%2C200&amp;ssl=1 300w, https:\/\/i0.wp.com\/www.informacyde.com\/blog\/wp-content\/uploads\/2005\/02\/glenn-carstens-peters-EOQhsfFBhRk-unsplash.jpg?resize=768%2C511&amp;ssl=1 768w, https:\/\/i0.wp.com\/www.informacyde.com\/blog\/wp-content\/uploads\/2005\/02\/glenn-carstens-peters-EOQhsfFBhRk-unsplash.jpg?resize=1536%2C1022&amp;ssl=1 1536w, https:\/\/i0.wp.com\/www.informacyde.com\/blog\/wp-content\/uploads\/2005\/02\/glenn-carstens-peters-EOQhsfFBhRk-unsplash.jpg?resize=767%2C510&amp;ssl=1 767w, https:\/\/i0.wp.com\/www.informacyde.com\/blog\/wp-content\/uploads\/2005\/02\/glenn-carstens-peters-EOQhsfFBhRk-unsplash.jpg?resize=601%2C400&amp;ssl=1 601w, https:\/\/i0.wp.com\/www.informacyde.com\/blog\/wp-content\/uploads\/2005\/02\/glenn-carstens-peters-EOQhsfFBhRk-unsplash.jpg?w=1920&amp;ssl=1 1920w\" sizes=\"(max-width: 689px) 100vw, 689px\" \/><\/p>\n<p><a href=\"http:\/\/informacyde.com\/blog\/actus\/jamel-pour-dieudonne\/\">Des nouvelles<\/a> sur l\u2019union Jamel Debbouze \u2013 Dieudonn\u00e9, qui d\u2019ailleurs, n\u2019est plus d\u2019actualit\u00e9\u00a0!<\/p>\n<p>Lu sur <a href=\"http:\/\/www.feujworld.com\" hreflang=\"fr\">Feujworld<\/a> :<\/p>\n<p>Dieudonn\u00e9 a perdu un fan. Jamel Debbouze a d\u00e9cid\u00e9 de ne plus cautionner les d\u00e9rapages de l&rsquo;humoriste. \u00abJ&rsquo;ai soutenu Dieudonn\u00e9 dans son combat pour la libert\u00e9 d&rsquo;expression, contre les extr\u00e9mistes et pour les Noirs, commence-t-il. Je pensais \u00e0 cela quand j&rsquo;ai lanc\u00e9 : \u00abTu dis tout haut ce que tout le monde pense tout bas\u00bb. Cette phrase, Jamel Debbouze l&rsquo;a prononc\u00e9e il y a trois semaines sur la sc\u00e8ne du Z\u00e9nith parisien, lors d&rsquo;un spectacle au cours duquel Dieudonn\u00e9 a fait huer le public.<\/p>\n<p>\u00abJ&rsquo;ai compris, depuis, qu&rsquo;on ne pouvait pas rire de tout avec tout le monde\u00bb, poursuit Jamel Debbouze. Il n&rsquo;a vraiment r\u00e9alis\u00e9 que lorsqu&rsquo;il a visionn\u00e9, apr\u00e8s le Z\u00e9nith, la cassette d&rsquo;une \u00e9mission d&rsquo;Ardisson dans laquelle Dieudonn\u00e9 insinuait que les Isra\u00e9liens avaient r\u00e9pandu le sida en Afrique. \u00abIl s&rsquo;est enferm\u00e9 dans un personnage qu&rsquo;il n&rsquo;arrive plus \u00e0 quitter. Ce n&rsquo;est pas possible qu&rsquo;il croit que les Isra\u00e9liens ont inocul\u00e9 le sida aux Africains. En tout cas, moi, je me d\u00e9solidarise de ces propos intol\u00e9rables.\u00bb<\/p>\n<p><strong>\u00a0\u00c0 lire aussi<\/strong> : <a href=\"http:\/\/informacyde.com\/blog\/actus\/dieudonne-et-sa-quenelle\/\" target=\"_blank\" rel=\"noopener\">Dieudonn\u00e9 et sa quenelle<\/a><\/p>\n","protected":false},"excerpt":{"rendered":"<p>Des nouvelles sur l\u2019union Jamel Debbouze \u2013 Dieudonn\u00e9, qui d\u2019ailleurs, n\u2019est plus d\u2019actualit\u00e9\u00a0! Lu sur Feujworld : Dieudonn\u00e9 a perdu un fan. Jamel Debbouze a d\u00e9cid\u00e9 de ne plus cautionner&hellip;<\/p>\n","protected":false},"author":10,"featured_media":10192,"comment_status":"open","ping_status":"open","sticky":false,"template":"","format":"standard","meta":{"jetpack_post_was_ever_published":false,"_jetpack_newsletter_access":"","_jetpack_dont_email_post_to_subs":false,"_jetpack_newsletter_tier_id":0,"_jetpack_memberships_contains_paywalled_content":false,"_jetpack_memberships_contains_paid_content":false,"footnotes":""},"categories":[10],"tags":[320,502],"class_list":["post-219","post","type-post","status-publish","format-standard","has-post-thumbnail","hentry","category-actus","tag-dieudonne","tag-jamel-debbouze"],"yoast_head":"<!-- This site is optimized with the Yoast SEO plugin v27.4 - https:\/\/yoast.com\/product\/yoast-seo-wordpress\/ -->\n<title>Jamel Debbouze contre Dieudonn\u00e9<\/title>\n<meta name=\"description\" content=\"Jamel Debbouze contre Dieudonn\u00e9\" \/>\n<meta name=\"robots\" content=\"index, follow, max-snippet:-1, max-image-preview:large, max-video-preview:-1\" \/>\n<link rel=\"canonical\" href=\"https:\/\/www.informacyde.com\/blog\/actus\/jamel-debbouze-contre-dieudonne\/\" \/>\n<meta property=\"og:locale\" content=\"fr_FR\" \/>\n<meta property=\"og:type\" content=\"article\" \/>\n<meta property=\"og:title\" content=\"Jamel Debbouze contre Dieudonn\u00e9\" \/>\n<meta property=\"og:description\" content=\"Jamel Debbouze contre Dieudonn\u00e9\" \/>\n<meta property=\"og:url\" content=\"https:\/\/www.informacyde.com\/blog\/actus\/jamel-debbouze-contre-dieudonne\/\" \/>\n<meta property=\"og:site_name\" content=\"Informacyde\" \/>\n<meta property=\"article:published_time\" content=\"2005-02-13T15:03:19+00:00\" \/>\n<meta property=\"article:modified_time\" content=\"2023-01-28T10:44:17+00:00\" \/>\n<meta property=\"og:image\" content=\"https:\/\/www.informacyde.com\/blog\/wp-content\/uploads\/2005\/02\/glenn-carstens-peters-EOQhsfFBhRk-unsplash.jpg\" \/>\n\t<meta property=\"og:image:width\" content=\"1920\" \/>\n\t<meta property=\"og:image:height\" content=\"1277\" \/>\n\t<meta property=\"og:image:type\" content=\"image\/jpeg\" \/>\n<meta name=\"author\" content=\"Harold\" \/>\n<meta name=\"twitter:card\" content=\"summary_large_image\" \/>\n<meta name=\"twitter:creator\" content=\"@https:\/\/twitter.com\/informacyde\" \/>\n<meta name=\"twitter:site\" content=\"@informacyde\" \/>\n<meta name=\"twitter:label1\" content=\"\u00c9crit par\" \/>\n\t<meta name=\"twitter:data1\" content=\"Harold\" \/>\n\t<meta name=\"twitter:label2\" content=\"Dur\u00e9e de lecture estim\u00e9e\" \/>\n\t<meta name=\"twitter:data2\" content=\"2 minutes\" \/>\n<script type=\"application\/ld+json\" class=\"yoast-schema-graph\">{\"@context\":\"https:\\\/\\\/schema.org\",\"@graph\":[{\"@type\":\"Article\",\"@id\":\"https:\\\/\\\/www.informacyde.com\\\/blog\\\/actus\\\/jamel-debbouze-contre-dieudonne\\\/#article\",\"isPartOf\":{\"@id\":\"https:\\\/\\\/www.informacyde.com\\\/blog\\\/actus\\\/jamel-debbouze-contre-dieudonne\\\/\"},\"author\":{\"name\":\"Harold\",\"@id\":\"https:\\\/\\\/www.informacyde.com\\\/blog\\\/#\\\/schema\\\/person\\\/e7e6dfe56d697fdbf8cdc6ab587bd4a3\"},\"headline\":\"Jamel Debbouze contre Dieudonn\u00e9\",\"datePublished\":\"2005-02-13T15:03:19+00:00\",\"dateModified\":\"2023-01-28T10:44:17+00:00\",\"mainEntityOfPage\":{\"@id\":\"https:\\\/\\\/www.informacyde.com\\\/blog\\\/actus\\\/jamel-debbouze-contre-dieudonne\\\/\"},\"wordCount\":224,\"commentCount\":442,\"publisher\":{\"@id\":\"https:\\\/\\\/www.informacyde.com\\\/blog\\\/#\\\/schema\\\/person\\\/e7e6dfe56d697fdbf8cdc6ab587bd4a3\"},\"image\":{\"@id\":\"https:\\\/\\\/www.informacyde.com\\\/blog\\\/actus\\\/jamel-debbouze-contre-dieudonne\\\/#primaryimage\"},\"thumbnailUrl\":\"https:\\\/\\\/i0.wp.com\\\/www.informacyde.com\\\/blog\\\/wp-content\\\/uploads\\\/2005\\\/02\\\/glenn-carstens-peters-EOQhsfFBhRk-unsplash.jpg?fit=1920%2C1277&ssl=1\",\"keywords\":[\"dieudonn\u00e9\",\"jamel debbouze\"],\"articleSection\":[\"Actus\"],\"inLanguage\":\"fr-FR\",\"potentialAction\":[{\"@type\":\"CommentAction\",\"name\":\"Comment\",\"target\":[\"https:\\\/\\\/www.informacyde.com\\\/blog\\\/actus\\\/jamel-debbouze-contre-dieudonne\\\/#respond\"]}]},{\"@type\":\"WebPage\",\"@id\":\"https:\\\/\\\/www.informacyde.com\\\/blog\\\/actus\\\/jamel-debbouze-contre-dieudonne\\\/\",\"url\":\"https:\\\/\\\/www.informacyde.com\\\/blog\\\/actus\\\/jamel-debbouze-contre-dieudonne\\\/\",\"name\":\"Jamel Debbouze contre Dieudonn\u00e9\",\"isPartOf\":{\"@id\":\"https:\\\/\\\/www.informacyde.com\\\/blog\\\/#website\"},\"primaryImageOfPage\":{\"@id\":\"https:\\\/\\\/www.informacyde.com\\\/blog\\\/actus\\\/jamel-debbouze-contre-dieudonne\\\/#primaryimage\"},\"image\":{\"@id\":\"https:\\\/\\\/www.informacyde.com\\\/blog\\\/actus\\\/jamel-debbouze-contre-dieudonne\\\/#primaryimage\"},\"thumbnailUrl\":\"https:\\\/\\\/i0.wp.com\\\/www.informacyde.com\\\/blog\\\/wp-content\\\/uploads\\\/2005\\\/02\\\/glenn-carstens-peters-EOQhsfFBhRk-unsplash.jpg?fit=1920%2C1277&ssl=1\",\"datePublished\":\"2005-02-13T15:03:19+00:00\",\"dateModified\":\"2023-01-28T10:44:17+00:00\",\"description\":\"Jamel Debbouze contre Dieudonn\u00e9\",\"breadcrumb\":{\"@id\":\"https:\\\/\\\/www.informacyde.com\\\/blog\\\/actus\\\/jamel-debbouze-contre-dieudonne\\\/#breadcrumb\"},\"inLanguage\":\"fr-FR\",\"potentialAction\":[{\"@type\":\"ReadAction\",\"target\":[\"https:\\\/\\\/www.informacyde.com\\\/blog\\\/actus\\\/jamel-debbouze-contre-dieudonne\\\/\"]}]},{\"@type\":\"ImageObject\",\"inLanguage\":\"fr-FR\",\"@id\":\"https:\\\/\\\/www.informacyde.com\\\/blog\\\/actus\\\/jamel-debbouze-contre-dieudonne\\\/#primaryimage\",\"url\":\"https:\\\/\\\/i0.wp.com\\\/www.informacyde.com\\\/blog\\\/wp-content\\\/uploads\\\/2005\\\/02\\\/glenn-carstens-peters-EOQhsfFBhRk-unsplash.jpg?fit=1920%2C1277&ssl=1\",\"contentUrl\":\"https:\\\/\\\/i0.wp.com\\\/www.informacyde.com\\\/blog\\\/wp-content\\\/uploads\\\/2005\\\/02\\\/glenn-carstens-peters-EOQhsfFBhRk-unsplash.jpg?fit=1920%2C1277&ssl=1\",\"width\":1920,\"height\":1277},{\"@type\":\"BreadcrumbList\",\"@id\":\"https:\\\/\\\/www.informacyde.com\\\/blog\\\/actus\\\/jamel-debbouze-contre-dieudonne\\\/#breadcrumb\",\"itemListElement\":[{\"@type\":\"ListItem\",\"position\":1,\"name\":\"Accueil\",\"item\":\"https:\\\/\\\/www.informacyde.com\\\/blog\\\/\"},{\"@type\":\"ListItem\",\"position\":2,\"name\":\"Jamel Debbouze contre Dieudonn\u00e9\"}]},{\"@type\":\"WebSite\",\"@id\":\"https:\\\/\\\/www.informacyde.com\\\/blog\\\/#website\",\"url\":\"https:\\\/\\\/www.informacyde.com\\\/blog\\\/\",\"name\":\"Informacyde\",\"description\":\"High-Tech &amp; Co - Depuis 2004\",\"publisher\":{\"@id\":\"https:\\\/\\\/www.informacyde.com\\\/blog\\\/#\\\/schema\\\/person\\\/e7e6dfe56d697fdbf8cdc6ab587bd4a3\"},\"potentialAction\":[{\"@type\":\"SearchAction\",\"target\":{\"@type\":\"EntryPoint\",\"urlTemplate\":\"https:\\\/\\\/www.informacyde.com\\\/blog\\\/?s={search_term_string}\"},\"query-input\":{\"@type\":\"PropertyValueSpecification\",\"valueRequired\":true,\"valueName\":\"search_term_string\"}}],\"inLanguage\":\"fr-FR\"},{\"@type\":[\"Person\",\"Organization\"],\"@id\":\"https:\\\/\\\/www.informacyde.com\\\/blog\\\/#\\\/schema\\\/person\\\/e7e6dfe56d697fdbf8cdc6ab587bd4a3\",\"name\":\"Harold\",\"logo\":{\"@id\":\"https:\\\/\\\/www.informacyde.com\\\/blog\\\/#\\\/schema\\\/person\\\/image\\\/\"},\"sameAs\":[\"https:\\\/\\\/www.linkedin.com\\\/in\\\/harold-birene-6b35a2114\\\/\",\"https:\\\/\\\/x.com\\\/https:\\\/\\\/twitter.com\\\/informacyde\"],\"url\":\"https:\\\/\\\/www.informacyde.com\\\/blog\"}]}<\/script>\n<!-- \/ Yoast SEO plugin. -->","yoast_head_json":{"title":"Jamel Debbouze contre Dieudonn\u00e9","description":"Jamel Debbouze contre Dieudonn\u00e9","robots":{"index":"index","follow":"follow","max-snippet":"max-snippet:-1","max-image-preview":"max-image-preview:large","max-video-preview":"max-video-preview:-1"},"canonical":"https:\/\/www.informacyde.com\/blog\/actus\/jamel-debbouze-contre-dieudonne\/","og_locale":"fr_FR","og_type":"article","og_title":"Jamel Debbouze contre Dieudonn\u00e9","og_description":"Jamel Debbouze contre Dieudonn\u00e9","og_url":"https:\/\/www.informacyde.com\/blog\/actus\/jamel-debbouze-contre-dieudonne\/","og_site_name":"Informacyde","article_published_time":"2005-02-13T15:03:19+00:00","article_modified_time":"2023-01-28T10:44:17+00:00","og_image":[{"width":1920,"height":1277,"url":"https:\/\/www.informacyde.com\/blog\/wp-content\/uploads\/2005\/02\/glenn-carstens-peters-EOQhsfFBhRk-unsplash.jpg","type":"image\/jpeg"}],"author":"Harold","twitter_card":"summary_large_image","twitter_creator":"@https:\/\/twitter.com\/informacyde","twitter_site":"@informacyde","twitter_misc":{"\u00c9crit par":"Harold","Dur\u00e9e de lecture estim\u00e9e":"2 minutes"},"schema":{"@context":"https:\/\/schema.org","@graph":[{"@type":"Article","@id":"https:\/\/www.informacyde.com\/blog\/actus\/jamel-debbouze-contre-dieudonne\/#article","isPartOf":{"@id":"https:\/\/www.informacyde.com\/blog\/actus\/jamel-debbouze-contre-dieudonne\/"},"author":{"name":"Harold","@id":"https:\/\/www.informacyde.com\/blog\/#\/schema\/person\/e7e6dfe56d697fdbf8cdc6ab587bd4a3"},"headline":"Jamel Debbouze contre Dieudonn\u00e9","datePublished":"2005-02-13T15:03:19+00:00","dateModified":"2023-01-28T10:44:17+00:00","mainEntityOfPage":{"@id":"https:\/\/www.informacyde.com\/blog\/actus\/jamel-debbouze-contre-dieudonne\/"},"wordCount":224,"commentCount":442,"publisher":{"@id":"https:\/\/www.informacyde.com\/blog\/#\/schema\/person\/e7e6dfe56d697fdbf8cdc6ab587bd4a3"},"image":{"@id":"https:\/\/www.informacyde.com\/blog\/actus\/jamel-debbouze-contre-dieudonne\/#primaryimage"},"thumbnailUrl":"https:\/\/i0.wp.com\/www.informacyde.com\/blog\/wp-content\/uploads\/2005\/02\/glenn-carstens-peters-EOQhsfFBhRk-unsplash.jpg?fit=1920%2C1277&ssl=1","keywords":["dieudonn\u00e9","jamel debbouze"],"articleSection":["Actus"],"inLanguage":"fr-FR","potentialAction":[{"@type":"CommentAction","name":"Comment","target":["https:\/\/www.informacyde.com\/blog\/actus\/jamel-debbouze-contre-dieudonne\/#respond"]}]},{"@type":"WebPage","@id":"https:\/\/www.informacyde.com\/blog\/actus\/jamel-debbouze-contre-dieudonne\/","url":"https:\/\/www.informacyde.com\/blog\/actus\/jamel-debbouze-contre-dieudonne\/","name":"Jamel Debbouze contre Dieudonn\u00e9","isPartOf":{"@id":"https:\/\/www.informacyde.com\/blog\/#website"},"primaryImageOfPage":{"@id":"https:\/\/www.informacyde.com\/blog\/actus\/jamel-debbouze-contre-dieudonne\/#primaryimage"},"image":{"@id":"https:\/\/www.informacyde.com\/blog\/actus\/jamel-debbouze-contre-dieudonne\/#primaryimage"},"thumbnailUrl":"https:\/\/i0.wp.com\/www.informacyde.com\/blog\/wp-content\/uploads\/2005\/02\/glenn-carstens-peters-EOQhsfFBhRk-unsplash.jpg?fit=1920%2C1277&ssl=1","datePublished":"2005-02-13T15:03:19+00:00","dateModified":"2023-01-28T10:44:17+00:00","description":"Jamel Debbouze contre Dieudonn\u00e9","breadcrumb":{"@id":"https:\/\/www.informacyde.com\/blog\/actus\/jamel-debbouze-contre-dieudonne\/#breadcrumb"},"inLanguage":"fr-FR","potentialAction":[{"@type":"ReadAction","target":["https:\/\/www.informacyde.com\/blog\/actus\/jamel-debbouze-contre-dieudonne\/"]}]},{"@type":"ImageObject","inLanguage":"fr-FR","@id":"https:\/\/www.informacyde.com\/blog\/actus\/jamel-debbouze-contre-dieudonne\/#primaryimage","url":"https:\/\/i0.wp.com\/www.informacyde.com\/blog\/wp-content\/uploads\/2005\/02\/glenn-carstens-peters-EOQhsfFBhRk-unsplash.jpg?fit=1920%2C1277&ssl=1","contentUrl":"https:\/\/i0.wp.com\/www.informacyde.com\/blog\/wp-content\/uploads\/2005\/02\/glenn-carstens-peters-EOQhsfFBhRk-unsplash.jpg?fit=1920%2C1277&ssl=1","width":1920,"height":1277},{"@type":"BreadcrumbList","@id":"https:\/\/www.informacyde.com\/blog\/actus\/jamel-debbouze-contre-dieudonne\/#breadcrumb","itemListElement":[{"@type":"ListItem","position":1,"name":"Accueil","item":"https:\/\/www.informacyde.com\/blog\/"},{"@type":"ListItem","position":2,"name":"Jamel Debbouze contre Dieudonn\u00e9"}]},{"@type":"WebSite","@id":"https:\/\/www.informacyde.com\/blog\/#website","url":"https:\/\/www.informacyde.com\/blog\/","name":"Informacyde","description":"High-Tech &amp; Co - Depuis 2004","publisher":{"@id":"https:\/\/www.informacyde.com\/blog\/#\/schema\/person\/e7e6dfe56d697fdbf8cdc6ab587bd4a3"},"potentialAction":[{"@type":"SearchAction","target":{"@type":"EntryPoint","urlTemplate":"https:\/\/www.informacyde.com\/blog\/?s={search_term_string}"},"query-input":{"@type":"PropertyValueSpecification","valueRequired":true,"valueName":"search_term_string"}}],"inLanguage":"fr-FR"},{"@type":["Person","Organization"],"@id":"https:\/\/www.informacyde.com\/blog\/#\/schema\/person\/e7e6dfe56d697fdbf8cdc6ab587bd4a3","name":"Harold","logo":{"@id":"https:\/\/www.informacyde.com\/blog\/#\/schema\/person\/image\/"},"sameAs":["https:\/\/www.linkedin.com\/in\/harold-birene-6b35a2114\/","https:\/\/x.com\/https:\/\/twitter.com\/informacyde"],"url":"https:\/\/www.informacyde.com\/blog"}]}},"jetpack_featured_media_url":"https:\/\/i0.wp.com\/www.informacyde.com\/blog\/wp-content\/uploads\/2005\/02\/glenn-carstens-peters-EOQhsfFBhRk-unsplash.jpg?fit=1920%2C1277&ssl=1","jetpack_shortlink":"https:\/\/wp.me\/piIgU-3x","jetpack_sharing_enabled":true,"_links":{"self":[{"href":"https:\/\/www.informacyde.com\/blog\/wp-json\/wp\/v2\/posts\/219","targetHints":{"allow":["GET"]}}],"collection":[{"href":"https:\/\/www.informacyde.com\/blog\/wp-json\/wp\/v2\/posts"}],"about":[{"href":"https:\/\/www.informacyde.com\/blog\/wp-json\/wp\/v2\/types\/post"}],"author":[{"embeddable":true,"href":"https:\/\/www.informacyde.com\/blog\/wp-json\/wp\/v2\/users\/10"}],"replies":[{"embeddable":true,"href":"https:\/\/www.informacyde.com\/blog\/wp-json\/wp\/v2\/comments?post=219"}],"version-history":[{"count":2,"href":"https:\/\/www.informacyde.com\/blog\/wp-json\/wp\/v2\/posts\/219\/revisions"}],"predecessor-version":[{"id":10193,"href":"https:\/\/www.informacyde.com\/blog\/wp-json\/wp\/v2\/posts\/219\/revisions\/10193"}],"wp:featuredmedia":[{"embeddable":true,"href":"https:\/\/www.informacyde.com\/blog\/wp-json\/wp\/v2\/media\/10192"}],"wp:attachment":[{"href":"https:\/\/www.informacyde.com\/blog\/wp-json\/wp\/v2\/media?parent=219"}],"wp:term":[{"taxonomy":"category","embeddable":true,"href":"https:\/\/www.informacyde.com\/blog\/wp-json\/wp\/v2\/categories?post=219"},{"taxonomy":"post_tag","embeddable":true,"href":"https:\/\/www.informacyde.com\/blog\/wp-json\/wp\/v2\/tags?post=219"}],"curies":[{"name":"wp","href":"https:\/\/api.w.org\/{rel}","templated":true}]}}