{"id":5023,"date":"2009-10-30T00:22:39","date_gmt":"2009-10-29T23:22:39","guid":{"rendered":"http:\/\/maven2-0.com\/~informac\/blog\/?p=5023"},"modified":"2009-12-13T15:01:33","modified_gmt":"2009-12-13T14:01:33","slug":"this-is-it-le-film","status":"publish","type":"post","link":"https:\/\/www.informacyde.com\/blog\/perso\/this-is-it-le-film\/","title":{"rendered":"This is it, le film"},"content":{"rendered":"<h3><a href=\"https:\/\/i0.wp.com\/maven2-0.com\/~informac\/blog\/wp-content\/uploads\/2009\/10\/thisitit.jpg\"><img data-recalc-dims=\"1\" decoding=\"async\" class=\"aligncenter size-full wp-image-5024\" style=\"border: 2px solid black;\" title=\"thisitit\" src=\"https:\/\/i0.wp.com\/informacyde.com\/blog\/wp-content\/uploads\/2009\/10\/thisitit.jpg?resize=600%2C800\" alt=\"thisitit\" width=\"600\" height=\"800\" \/><\/a><\/h3>\n<h3>\u00ab\u00a0This is moment, This is it\u00a0\u00bb<\/h3>\n<p>Quand on commence \u00e0 faire la queue au cin\u00e9ma, il y a d\u00e9j\u00e0 une atmosph\u00e8re particuli\u00e8re. On est tous l\u00e0, r\u00e9unis pour la m\u00eame chose&#8230;la m\u00eame personne&#8230;le m\u00eame g\u00e9nie. On a tous un point en commun, et par n&rsquo;importe lequel : Michael Jackson, le roi de la pop&#8230;le roi de la musique plut\u00f4t, non ?<\/p>\n<p>S\u00e9ance compl\u00e8te \u00e9videmment. Avant que le film commence, un spectateur a ramen\u00e9 des enceintes pour nous faire profiter, d\u00e9j\u00e0, du son Michael Jackson. Toute la salle se sent d\u00e9j\u00e0 bien, m\u00eame si nos c\u0153urs se resserrent, tous&#8230; Puis \u00e7a commence.<br \/>\nUn texte qui explique les images que l&rsquo;on va voir&#8230; un d\u00e9but de film nous rappelle la mort de celui qu&rsquo;on aime.<\/p>\n<p>A partir de ce moment, le monde s&rsquo;arr\u00eate de tourner. Plus rien ne se passe autour. On voit un g\u00e9nie chanter, danser, pr\u00e9parer, partager, aimer&#8230;vivre. Les premi\u00e8res images ont \u00e9t\u00e9 dures pour moi ; elles m&rsquo;ont rappel\u00e9s qu&rsquo;il n&rsquo;est plus l\u00e0. Ensuite, j&rsquo;ai r\u00e9ellement oubli\u00e9 qu&rsquo;il nous avait quitt\u00e9. Mais lorsque les derni\u00e8res images arrivent, c&rsquo;est vraiment dur&#8230; on aimerait le remercier de nous avoir fait vibrer jusqu&rsquo;\u00e0 son dernier souffle.<\/p>\n<p>Rien qu&rsquo;en \u00e9crivant ses lignes, je suis triste. Cet homme \u00e9tait si g\u00e9nial. Il a tant donn\u00e9. Je suis heureux qu&rsquo;aujourd&rsquo;hui, pour la plupart des gens, il ne reste que l&rsquo;imagine du g\u00e9nie et de la star&#8230;plut\u00f4t que d&rsquo;autres, salissantes, et trop souvent fausses.<\/p>\n<p>Allez voir ce film. Vous ne verrez pas deux artistes faire ce qu&rsquo;il fait, \u00e0 ce niveau. Il suffit d&rsquo;entendre les gens qui travaillent avec lui, les regarder&#8230;le regarder, pour se laisser transporter dans quelque chose d&rsquo;imaginaire.<\/p>\n<p>Certains ont souvent dit, ces deniers temps, qu&rsquo;il ne savait plus ni danser ni chanter. Allez voir ce film, tout en sachant que ce sont des r\u00e9p\u00e9titions, et que cet artiste ne se donnait jamais \u00e0 fond \u00e0 ses r\u00e9p\u00e9titions. Sa voix est aussi pure et magnifique qu&rsquo;avant, m\u00eame si elle n&rsquo;est pas identique. Sa danse est l\u00e9g\u00e8rement diff\u00e9rente, mais c&rsquo;est toujours lui, \u00e0 100%. Ce g\u00e9nie n&rsquo;a qu&rsquo;\u00e0 lever la main pour faire frissonner les gens, et il le sait&#8230;<\/p>\n<p>On pourra voir l&rsquo;extraordinaire spectacle qu&rsquo;il nous pr\u00e9parait. Du jamais vu, comme \u00e0 son habitude. Ce film permet de r\u00e9aliser ce qui nous attendait. Rien n&rsquo;\u00e9tait laiss\u00e9 au hasard.<\/p>\n<p>On le voit changer, danser, travailler, rire, perfectionner son spectacle, s&rsquo;entra\u00eener, tester, s&rsquo;ajuster&#8230;bref, se pr\u00e9parer \u00e0 son grand retour.<\/p>\n<p>Cet artiste n&rsquo;est pas vraiment mort&#8230;pas comme les autres en tout cas&#8230;ou m\u00eame, pas du tout ;)<\/p>\n<p style=\"text-align: center;\"><a href=\"https:\/\/i0.wp.com\/maven2-0.com\/~informac\/blog\/wp-content\/uploads\/2009\/10\/thisisit2.jpg\"><img data-recalc-dims=\"1\" decoding=\"async\" class=\"aligncenter size-full wp-image-5025\" style=\"border: 2px solid black;\" title=\"thisisit2\" src=\"https:\/\/i0.wp.com\/informacyde.com\/blog\/wp-content\/uploads\/2009\/10\/thisisit2.jpg\" alt=\"thisisit2\" \/><\/a><\/p>\n","protected":false},"excerpt":{"rendered":"<p>\u00ab\u00a0This is moment, This is it\u00a0\u00bb Quand on commence \u00e0 faire la queue au cin\u00e9ma, il y a d\u00e9j\u00e0 une atmosph\u00e8re particuli\u00e8re. On est tous l\u00e0, r\u00e9unis pour la m\u00eame&hellip;<\/p>\n","protected":false},"author":10,"featured_media":0,"comment_status":"open","ping_status":"open","sticky":false,"template":"","format":"standard","meta":{"jetpack_post_was_ever_published":false,"_jetpack_newsletter_access":"","_jetpack_dont_email_post_to_subs":false,"_jetpack_newsletter_tier_id":0,"_jetpack_memberships_contains_paywalled_content":false,"_jetpack_memberships_contains_paid_content":false,"footnotes":""},"categories":[17,6,3],"tags":[258,80,419,1430,415],"class_list":["post-5023","post","type-post","status-publish","format-standard","hentry","category-michael-jackson","category-music","category-perso","tag-concert","tag-film","tag-jackson","tag-michael-jackson","tag-this-is-it"],"yoast_head":"<!-- This site is optimized with the Yoast SEO plugin v27.4 - https:\/\/yoast.com\/product\/yoast-seo-wordpress\/ -->\n<title>This is it, le film - Informacyde<\/title>\n<meta name=\"robots\" content=\"index, follow, max-snippet:-1, max-image-preview:large, max-video-preview:-1\" \/>\n<link rel=\"canonical\" href=\"https:\/\/www.informacyde.com\/blog\/perso\/this-is-it-le-film\/\" \/>\n<meta property=\"og:locale\" content=\"fr_FR\" \/>\n<meta property=\"og:type\" content=\"article\" \/>\n<meta property=\"og:title\" content=\"This is it, le film - Informacyde\" \/>\n<meta property=\"og:description\" content=\"\u00ab\u00a0This is moment, This is it\u00a0\u00bb Quand on commence \u00e0 faire la queue au cin\u00e9ma, il y a d\u00e9j\u00e0 une atmosph\u00e8re particuli\u00e8re. On est tous l\u00e0, r\u00e9unis pour la m\u00eame&hellip;\" \/>\n<meta property=\"og:url\" content=\"https:\/\/www.informacyde.com\/blog\/perso\/this-is-it-le-film\/\" \/>\n<meta property=\"og:site_name\" content=\"Informacyde\" \/>\n<meta property=\"article:published_time\" content=\"2009-10-29T23:22:39+00:00\" \/>\n<meta property=\"article:modified_time\" content=\"2009-12-13T14:01:33+00:00\" \/>\n<meta property=\"og:image\" content=\"http:\/\/informacyde.com\/blog\/wp-content\/uploads\/2009\/10\/thisitit.jpg\" \/>\n<meta name=\"author\" content=\"Harold\" \/>\n<meta name=\"twitter:card\" content=\"summary_large_image\" \/>\n<meta name=\"twitter:creator\" content=\"@https:\/\/twitter.com\/informacyde\" \/>\n<meta name=\"twitter:site\" content=\"@informacyde\" \/>\n<meta name=\"twitter:label1\" content=\"\u00c9crit par\" \/>\n\t<meta name=\"twitter:data1\" content=\"Harold\" \/>\n\t<meta name=\"twitter:label2\" content=\"Dur\u00e9e de lecture estim\u00e9e\" \/>\n\t<meta name=\"twitter:data2\" content=\"2 minutes\" \/>\n<script type=\"application\/ld+json\" class=\"yoast-schema-graph\">{\"@context\":\"https:\\\/\\\/schema.org\",\"@graph\":[{\"@type\":\"Article\",\"@id\":\"https:\\\/\\\/www.informacyde.com\\\/blog\\\/perso\\\/this-is-it-le-film\\\/#article\",\"isPartOf\":{\"@id\":\"https:\\\/\\\/www.informacyde.com\\\/blog\\\/perso\\\/this-is-it-le-film\\\/\"},\"author\":{\"name\":\"Harold\",\"@id\":\"https:\\\/\\\/www.informacyde.com\\\/blog\\\/#\\\/schema\\\/person\\\/e7e6dfe56d697fdbf8cdc6ab587bd4a3\"},\"headline\":\"This is it, le film\",\"datePublished\":\"2009-10-29T23:22:39+00:00\",\"dateModified\":\"2009-12-13T14:01:33+00:00\",\"mainEntityOfPage\":{\"@id\":\"https:\\\/\\\/www.informacyde.com\\\/blog\\\/perso\\\/this-is-it-le-film\\\/\"},\"wordCount\":493,\"commentCount\":2,\"publisher\":{\"@id\":\"https:\\\/\\\/www.informacyde.com\\\/blog\\\/#\\\/schema\\\/person\\\/e7e6dfe56d697fdbf8cdc6ab587bd4a3\"},\"image\":{\"@id\":\"https:\\\/\\\/www.informacyde.com\\\/blog\\\/perso\\\/this-is-it-le-film\\\/#primaryimage\"},\"thumbnailUrl\":\"http:\\\/\\\/informacyde.com\\\/blog\\\/wp-content\\\/uploads\\\/2009\\\/10\\\/thisitit.jpg\",\"keywords\":[\"concert\",\"film\",\"jackson\",\"Michael Jackson\",\"this is it\"],\"articleSection\":[\"Michael Jackson\",\"Music\",\"Perso\"],\"inLanguage\":\"fr-FR\",\"potentialAction\":[{\"@type\":\"CommentAction\",\"name\":\"Comment\",\"target\":[\"https:\\\/\\\/www.informacyde.com\\\/blog\\\/perso\\\/this-is-it-le-film\\\/#respond\"]}]},{\"@type\":\"WebPage\",\"@id\":\"https:\\\/\\\/www.informacyde.com\\\/blog\\\/perso\\\/this-is-it-le-film\\\/\",\"url\":\"https:\\\/\\\/www.informacyde.com\\\/blog\\\/perso\\\/this-is-it-le-film\\\/\",\"name\":\"This is it, le film - Informacyde\",\"isPartOf\":{\"@id\":\"https:\\\/\\\/www.informacyde.com\\\/blog\\\/#website\"},\"primaryImageOfPage\":{\"@id\":\"https:\\\/\\\/www.informacyde.com\\\/blog\\\/perso\\\/this-is-it-le-film\\\/#primaryimage\"},\"image\":{\"@id\":\"https:\\\/\\\/www.informacyde.com\\\/blog\\\/perso\\\/this-is-it-le-film\\\/#primaryimage\"},\"thumbnailUrl\":\"http:\\\/\\\/informacyde.com\\\/blog\\\/wp-content\\\/uploads\\\/2009\\\/10\\\/thisitit.jpg\",\"datePublished\":\"2009-10-29T23:22:39+00:00\",\"dateModified\":\"2009-12-13T14:01:33+00:00\",\"breadcrumb\":{\"@id\":\"https:\\\/\\\/www.informacyde.com\\\/blog\\\/perso\\\/this-is-it-le-film\\\/#breadcrumb\"},\"inLanguage\":\"fr-FR\",\"potentialAction\":[{\"@type\":\"ReadAction\",\"target\":[\"https:\\\/\\\/www.informacyde.com\\\/blog\\\/perso\\\/this-is-it-le-film\\\/\"]}]},{\"@type\":\"ImageObject\",\"inLanguage\":\"fr-FR\",\"@id\":\"https:\\\/\\\/www.informacyde.com\\\/blog\\\/perso\\\/this-is-it-le-film\\\/#primaryimage\",\"url\":\"http:\\\/\\\/informacyde.com\\\/blog\\\/wp-content\\\/uploads\\\/2009\\\/10\\\/thisitit.jpg\",\"contentUrl\":\"http:\\\/\\\/informacyde.com\\\/blog\\\/wp-content\\\/uploads\\\/2009\\\/10\\\/thisitit.jpg\"},{\"@type\":\"BreadcrumbList\",\"@id\":\"https:\\\/\\\/www.informacyde.com\\\/blog\\\/perso\\\/this-is-it-le-film\\\/#breadcrumb\",\"itemListElement\":[{\"@type\":\"ListItem\",\"position\":1,\"name\":\"Accueil\",\"item\":\"https:\\\/\\\/www.informacyde.com\\\/blog\\\/\"},{\"@type\":\"ListItem\",\"position\":2,\"name\":\"This is it, le film\"}]},{\"@type\":\"WebSite\",\"@id\":\"https:\\\/\\\/www.informacyde.com\\\/blog\\\/#website\",\"url\":\"https:\\\/\\\/www.informacyde.com\\\/blog\\\/\",\"name\":\"Informacyde\",\"description\":\"High-Tech &amp; Co - Depuis 2004\",\"publisher\":{\"@id\":\"https:\\\/\\\/www.informacyde.com\\\/blog\\\/#\\\/schema\\\/person\\\/e7e6dfe56d697fdbf8cdc6ab587bd4a3\"},\"potentialAction\":[{\"@type\":\"SearchAction\",\"target\":{\"@type\":\"EntryPoint\",\"urlTemplate\":\"https:\\\/\\\/www.informacyde.com\\\/blog\\\/?s={search_term_string}\"},\"query-input\":{\"@type\":\"PropertyValueSpecification\",\"valueRequired\":true,\"valueName\":\"search_term_string\"}}],\"inLanguage\":\"fr-FR\"},{\"@type\":[\"Person\",\"Organization\"],\"@id\":\"https:\\\/\\\/www.informacyde.com\\\/blog\\\/#\\\/schema\\\/person\\\/e7e6dfe56d697fdbf8cdc6ab587bd4a3\",\"name\":\"Harold\",\"logo\":{\"@id\":\"https:\\\/\\\/www.informacyde.com\\\/blog\\\/#\\\/schema\\\/person\\\/image\\\/\"},\"sameAs\":[\"https:\\\/\\\/www.linkedin.com\\\/in\\\/harold-birene-6b35a2114\\\/\",\"https:\\\/\\\/x.com\\\/https:\\\/\\\/twitter.com\\\/informacyde\"],\"url\":\"https:\\\/\\\/www.informacyde.com\\\/blog\"}]}<\/script>\n<!-- \/ Yoast SEO plugin. -->","yoast_head_json":{"title":"This is it, le film - Informacyde","robots":{"index":"index","follow":"follow","max-snippet":"max-snippet:-1","max-image-preview":"max-image-preview:large","max-video-preview":"max-video-preview:-1"},"canonical":"https:\/\/www.informacyde.com\/blog\/perso\/this-is-it-le-film\/","og_locale":"fr_FR","og_type":"article","og_title":"This is it, le film - Informacyde","og_description":"\u00ab\u00a0This is moment, This is it\u00a0\u00bb Quand on commence \u00e0 faire la queue au cin\u00e9ma, il y a d\u00e9j\u00e0 une atmosph\u00e8re particuli\u00e8re. On est tous l\u00e0, r\u00e9unis pour la m\u00eame&hellip;","og_url":"https:\/\/www.informacyde.com\/blog\/perso\/this-is-it-le-film\/","og_site_name":"Informacyde","article_published_time":"2009-10-29T23:22:39+00:00","article_modified_time":"2009-12-13T14:01:33+00:00","og_image":[{"url":"http:\/\/informacyde.com\/blog\/wp-content\/uploads\/2009\/10\/thisitit.jpg","type":"","width":"","height":""}],"author":"Harold","twitter_card":"summary_large_image","twitter_creator":"@https:\/\/twitter.com\/informacyde","twitter_site":"@informacyde","twitter_misc":{"\u00c9crit par":"Harold","Dur\u00e9e de lecture estim\u00e9e":"2 minutes"},"schema":{"@context":"https:\/\/schema.org","@graph":[{"@type":"Article","@id":"https:\/\/www.informacyde.com\/blog\/perso\/this-is-it-le-film\/#article","isPartOf":{"@id":"https:\/\/www.informacyde.com\/blog\/perso\/this-is-it-le-film\/"},"author":{"name":"Harold","@id":"https:\/\/www.informacyde.com\/blog\/#\/schema\/person\/e7e6dfe56d697fdbf8cdc6ab587bd4a3"},"headline":"This is it, le film","datePublished":"2009-10-29T23:22:39+00:00","dateModified":"2009-12-13T14:01:33+00:00","mainEntityOfPage":{"@id":"https:\/\/www.informacyde.com\/blog\/perso\/this-is-it-le-film\/"},"wordCount":493,"commentCount":2,"publisher":{"@id":"https:\/\/www.informacyde.com\/blog\/#\/schema\/person\/e7e6dfe56d697fdbf8cdc6ab587bd4a3"},"image":{"@id":"https:\/\/www.informacyde.com\/blog\/perso\/this-is-it-le-film\/#primaryimage"},"thumbnailUrl":"http:\/\/informacyde.com\/blog\/wp-content\/uploads\/2009\/10\/thisitit.jpg","keywords":["concert","film","jackson","Michael Jackson","this is it"],"articleSection":["Michael Jackson","Music","Perso"],"inLanguage":"fr-FR","potentialAction":[{"@type":"CommentAction","name":"Comment","target":["https:\/\/www.informacyde.com\/blog\/perso\/this-is-it-le-film\/#respond"]}]},{"@type":"WebPage","@id":"https:\/\/www.informacyde.com\/blog\/perso\/this-is-it-le-film\/","url":"https:\/\/www.informacyde.com\/blog\/perso\/this-is-it-le-film\/","name":"This is it, le film - Informacyde","isPartOf":{"@id":"https:\/\/www.informacyde.com\/blog\/#website"},"primaryImageOfPage":{"@id":"https:\/\/www.informacyde.com\/blog\/perso\/this-is-it-le-film\/#primaryimage"},"image":{"@id":"https:\/\/www.informacyde.com\/blog\/perso\/this-is-it-le-film\/#primaryimage"},"thumbnailUrl":"http:\/\/informacyde.com\/blog\/wp-content\/uploads\/2009\/10\/thisitit.jpg","datePublished":"2009-10-29T23:22:39+00:00","dateModified":"2009-12-13T14:01:33+00:00","breadcrumb":{"@id":"https:\/\/www.informacyde.com\/blog\/perso\/this-is-it-le-film\/#breadcrumb"},"inLanguage":"fr-FR","potentialAction":[{"@type":"ReadAction","target":["https:\/\/www.informacyde.com\/blog\/perso\/this-is-it-le-film\/"]}]},{"@type":"ImageObject","inLanguage":"fr-FR","@id":"https:\/\/www.informacyde.com\/blog\/perso\/this-is-it-le-film\/#primaryimage","url":"http:\/\/informacyde.com\/blog\/wp-content\/uploads\/2009\/10\/thisitit.jpg","contentUrl":"http:\/\/informacyde.com\/blog\/wp-content\/uploads\/2009\/10\/thisitit.jpg"},{"@type":"BreadcrumbList","@id":"https:\/\/www.informacyde.com\/blog\/perso\/this-is-it-le-film\/#breadcrumb","itemListElement":[{"@type":"ListItem","position":1,"name":"Accueil","item":"https:\/\/www.informacyde.com\/blog\/"},{"@type":"ListItem","position":2,"name":"This is it, le film"}]},{"@type":"WebSite","@id":"https:\/\/www.informacyde.com\/blog\/#website","url":"https:\/\/www.informacyde.com\/blog\/","name":"Informacyde","description":"High-Tech &amp; Co - Depuis 2004","publisher":{"@id":"https:\/\/www.informacyde.com\/blog\/#\/schema\/person\/e7e6dfe56d697fdbf8cdc6ab587bd4a3"},"potentialAction":[{"@type":"SearchAction","target":{"@type":"EntryPoint","urlTemplate":"https:\/\/www.informacyde.com\/blog\/?s={search_term_string}"},"query-input":{"@type":"PropertyValueSpecification","valueRequired":true,"valueName":"search_term_string"}}],"inLanguage":"fr-FR"},{"@type":["Person","Organization"],"@id":"https:\/\/www.informacyde.com\/blog\/#\/schema\/person\/e7e6dfe56d697fdbf8cdc6ab587bd4a3","name":"Harold","logo":{"@id":"https:\/\/www.informacyde.com\/blog\/#\/schema\/person\/image\/"},"sameAs":["https:\/\/www.linkedin.com\/in\/harold-birene-6b35a2114\/","https:\/\/x.com\/https:\/\/twitter.com\/informacyde"],"url":"https:\/\/www.informacyde.com\/blog"}]}},"jetpack_featured_media_url":"","jetpack_shortlink":"https:\/\/wp.me\/piIgU-1j1","jetpack_sharing_enabled":true,"_links":{"self":[{"href":"https:\/\/www.informacyde.com\/blog\/wp-json\/wp\/v2\/posts\/5023","targetHints":{"allow":["GET"]}}],"collection":[{"href":"https:\/\/www.informacyde.com\/blog\/wp-json\/wp\/v2\/posts"}],"about":[{"href":"https:\/\/www.informacyde.com\/blog\/wp-json\/wp\/v2\/types\/post"}],"author":[{"embeddable":true,"href":"https:\/\/www.informacyde.com\/blog\/wp-json\/wp\/v2\/users\/10"}],"replies":[{"embeddable":true,"href":"https:\/\/www.informacyde.com\/blog\/wp-json\/wp\/v2\/comments?post=5023"}],"version-history":[{"count":0,"href":"https:\/\/www.informacyde.com\/blog\/wp-json\/wp\/v2\/posts\/5023\/revisions"}],"wp:attachment":[{"href":"https:\/\/www.informacyde.com\/blog\/wp-json\/wp\/v2\/media?parent=5023"}],"wp:term":[{"taxonomy":"category","embeddable":true,"href":"https:\/\/www.informacyde.com\/blog\/wp-json\/wp\/v2\/categories?post=5023"},{"taxonomy":"post_tag","embeddable":true,"href":"https:\/\/www.informacyde.com\/blog\/wp-json\/wp\/v2\/tags?post=5023"}],"curies":[{"name":"wp","href":"https:\/\/api.w.org\/{rel}","templated":true}]}}