{"id":9242,"date":"2016-08-13T14:02:08","date_gmt":"2016-08-13T12:02:08","guid":{"rendered":"http:\/\/informacyde.com\/blog\/?p=9242"},"modified":"2016-08-13T14:02:08","modified_gmt":"2016-08-13T12:02:08","slug":"apres-uber-jai-repris-un-taxi","status":"publish","type":"post","link":"https:\/\/www.informacyde.com\/blog\/au-quotidien\/apres-uber-jai-repris-un-taxi\/","title":{"rendered":"Apr\u00e8s Uber, j&rsquo;ai repris un taxi"},"content":{"rendered":"<p class=\"p1\"><img data-recalc-dims=\"1\" decoding=\"async\" class=\"aligncenter size-full wp-image-9243\" src=\"https:\/\/i0.wp.com\/informacyde.com\/blog\/wp-content\/uploads\/2016\/08\/ubertaxi.jpg?resize=770%2C381\" alt=\"ubertaxi\" width=\"770\" height=\"381\" \/><\/p>\n<p class=\"p1\">J&rsquo;\u00e9cris ce billet depuis un Uber qui me conduit \u00e0 l&rsquo;a\u00e9roport. Je repense \u00e0 ce que <a href=\"http:\/\/informacyde.com\/blog\/coups-de-gueule\/uber-attention-a-tes-chauffeurs\/\" target=\"_blank\">j&rsquo;ai \u00e9crit derni\u00e8rement<\/a> sur la baisse de qualit\u00e9 du service puisque j&rsquo;ai en face de moi un chauffeur habill\u00e9 en tenue d\u00e9contract\u00e9e\u00a0qui n&rsquo;a pas mis de bouteille d&rsquo;eau\u00a0dans sa voiture. Ce qui ne l\u2019emp\u00eache pas d&rsquo;\u00eatre tr\u00e8s gentil et agr\u00e9able. Mais ce n&rsquo;est pas r\u00e9ellement le service Uber auquel on s&rsquo;attend.<\/p>\n<h2 class=\"p1\">Et un, et deux&#8230; Uber !<\/h2>\n<p class=\"p1\">Derni\u00e8rement, pour rentrer chez moi, j&rsquo;ai essay\u00e9 de prendre un Uber depuis l&rsquo;a\u00e9roport. Pour bien faire les choses, je me suis positionn\u00e9 exactement o\u00f9 me le demandait l&rsquo;application. Je suis du genre ob\u00e9issant dans ce type de situation.<\/p>\n<p class=\"p1\"><strong>Premier Uber<\/strong> : il m&rsquo;appelle 1 minute apr\u00e8s la commande en me demandant de monter aux \u00ab\u00a0Arriv\u00e9es\u00a0\u00bb. Je refuse. Le principe du chauffeur&#8230;que tu dois aller chercher\u2009! J&rsquo;\u00e9tais surtout tr\u00e8s charg\u00e9.<\/p>\n<p class=\"p1\">J&rsquo;ai annul\u00e9 ma course rapidement pour n&rsquo;avoir aucuns frais.<\/p>\n<p class=\"p1\"><strong>Deuxi\u00e8me Uber<\/strong> : il ne m&rsquo;appelle pas tout de suite. J\u2019essaye de garder confiance, tout en me convainquant que le premier n&rsquo;\u00e9tait juste pas d\u00e9brouillard. Mais finalement&#8230; il m\u2019appelle au bout de 3\/4 minutes pour me demander o\u00f9 je suis, si je peux me d\u00e9placer. Je refuse cat\u00e9goriquement, une nouvelle fois. Il me rappelle peu de temps apr\u00e8s\u00a0pour me dire que la police l&#8217;emp\u00eache de passer. Je commence \u00e0 m&rsquo;\u00e9nerver et lui dis de laisser tomber.<\/p>\n<p class=\"p1\">J&rsquo;annule la course&#8230;et Uber me facture 5\u20ac. Hein ?! Je suis factur\u00e9 parce que les voitures n&rsquo;arrivent pas \u00e0 me r\u00e9cup\u00e9rer selon les consignes de l&rsquo;application ?<\/p>\n<p class=\"p1\">Heureusement, l&rsquo;application est bien faite et je suis recr\u00e9dit\u00e9 rapidement de cette somme. Pour une prochaine course bien s\u00fbr, Uber ne va pas facturer son incomp\u00e9tence !<\/p>\n<h2 class=\"p1\">J&rsquo;ai donc pris un taxi<\/h2>\n<p class=\"p1\">J\u2019ai \u00e9t\u00e9 \u00e0 la borne de taxi pour ne pas passer ma soir\u00e9e \u00e0 l&rsquo;a\u00e9roport. Prise en charge imm\u00e9diate car il n&rsquo;y avait pas de monde. Deux destinations pour le chauffeur mais \u00e7a ne lui a pas pos\u00e9 plus de probl\u00e8mes que \u00e7a. Ce que j\u2019essaye de dire, c\u2019est qu\u2019il n\u2019avait pas besoin de GPS pour se diriger. \u00c7a change. La course est 5 euros plus cher et pour la seconde adresse, il d\u00e9marre le compteur mais c\u2019est de bonne guerre.<\/p>\n<p class=\"p1\">Au final, j\u2019ai surtout trouv\u00e9\u2026tr\u00e8s peu de diff\u00e9rence entre un taxi et un \u00ab\u00a0Uber d\u2019aujourd\u2019hui\u00a0\u00bb. Pas d\u2019\u00e9change avec le chauffeur, une voiture correcte, pas de bouteille d\u2019eau\u2026 juste le tarif qui est plus \u00e9lev\u00e9, mais payer 5 euros pour avoir sa voiture tout de suite, c\u2019est pas mal, non ?<\/p>\n<p class=\"p1\">Je le r\u00e9p\u00e8te, Uber a int\u00e9r\u00eat \u00e0 r\u00e9agir pour rester aussi bon qu\u2019\u00e0 ses d\u00e9buts. La baisse est notable. Et not\u00e9e !<\/p>\n","protected":false},"excerpt":{"rendered":"<p>J&rsquo;\u00e9cris ce billet depuis un Uber qui me conduit \u00e0 l&rsquo;a\u00e9roport. Je repense \u00e0 ce que j&rsquo;ai \u00e9crit derni\u00e8rement sur la baisse de qualit\u00e9 du service puisque j&rsquo;ai en face&hellip;<\/p>\n","protected":false},"author":10,"featured_media":0,"comment_status":"open","ping_status":"open","sticky":false,"template":"","format":"standard","meta":{"jetpack_post_was_ever_published":false,"_jetpack_newsletter_access":"","_jetpack_dont_email_post_to_subs":false,"_jetpack_newsletter_tier_id":0,"_jetpack_memberships_contains_paywalled_content":false,"_jetpack_memberships_contains_paid_content":false,"footnotes":""},"categories":[1465],"tags":[1369,1447,1497,1445],"class_list":["post-9242","post","type-post","status-publish","format-standard","hentry","category-au-quotidien","tag-qualite","tag-service","tag-taxi","tag-uber"],"yoast_head":"<!-- This site is optimized with the Yoast SEO plugin v27.4 - https:\/\/yoast.com\/product\/yoast-seo-wordpress\/ -->\n<title>Apr\u00e8s Uber, j&#039;ai repris un taxi - Informacyde<\/title>\n<meta name=\"robots\" content=\"index, follow, max-snippet:-1, max-image-preview:large, max-video-preview:-1\" \/>\n<link rel=\"canonical\" href=\"https:\/\/www.informacyde.com\/blog\/au-quotidien\/apres-uber-jai-repris-un-taxi\/\" \/>\n<meta property=\"og:locale\" content=\"fr_FR\" \/>\n<meta property=\"og:type\" content=\"article\" \/>\n<meta property=\"og:title\" content=\"Apr\u00e8s Uber, j&#039;ai repris un taxi - Informacyde\" \/>\n<meta property=\"og:description\" content=\"J&rsquo;\u00e9cris ce billet depuis un Uber qui me conduit \u00e0 l&rsquo;a\u00e9roport. Je repense \u00e0 ce que j&rsquo;ai \u00e9crit derni\u00e8rement sur la baisse de qualit\u00e9 du service puisque j&rsquo;ai en face&hellip;\" \/>\n<meta property=\"og:url\" content=\"https:\/\/www.informacyde.com\/blog\/au-quotidien\/apres-uber-jai-repris-un-taxi\/\" \/>\n<meta property=\"og:site_name\" content=\"Informacyde\" \/>\n<meta property=\"article:published_time\" content=\"2016-08-13T12:02:08+00:00\" \/>\n<meta property=\"og:image\" content=\"https:\/\/i2.wp.com\/www.informacyde.com\/blog\/wp-content\/uploads\/2016\/08\/ubertaxi.jpg?fit=770%2C381&ssl=1\" \/>\n\t<meta property=\"og:image:width\" content=\"770\" \/>\n\t<meta property=\"og:image:height\" content=\"381\" \/>\n\t<meta property=\"og:image:type\" content=\"image\/jpeg\" \/>\n<meta name=\"author\" content=\"Harold\" \/>\n<meta name=\"twitter:card\" content=\"summary_large_image\" \/>\n<meta name=\"twitter:creator\" content=\"@https:\/\/twitter.com\/informacyde\" \/>\n<meta name=\"twitter:site\" content=\"@informacyde\" \/>\n<meta name=\"twitter:label1\" content=\"\u00c9crit par\" \/>\n\t<meta name=\"twitter:data1\" content=\"Harold\" \/>\n\t<meta name=\"twitter:label2\" content=\"Dur\u00e9e de lecture estim\u00e9e\" \/>\n\t<meta name=\"twitter:data2\" content=\"2 minutes\" \/>\n<script type=\"application\/ld+json\" class=\"yoast-schema-graph\">{\"@context\":\"https:\\\/\\\/schema.org\",\"@graph\":[{\"@type\":\"Article\",\"@id\":\"https:\\\/\\\/www.informacyde.com\\\/blog\\\/au-quotidien\\\/apres-uber-jai-repris-un-taxi\\\/#article\",\"isPartOf\":{\"@id\":\"https:\\\/\\\/www.informacyde.com\\\/blog\\\/au-quotidien\\\/apres-uber-jai-repris-un-taxi\\\/\"},\"author\":{\"name\":\"Harold\",\"@id\":\"https:\\\/\\\/www.informacyde.com\\\/blog\\\/#\\\/schema\\\/person\\\/e7e6dfe56d697fdbf8cdc6ab587bd4a3\"},\"headline\":\"Apr\u00e8s Uber, j&rsquo;ai repris un taxi\",\"datePublished\":\"2016-08-13T12:02:08+00:00\",\"mainEntityOfPage\":{\"@id\":\"https:\\\/\\\/www.informacyde.com\\\/blog\\\/au-quotidien\\\/apres-uber-jai-repris-un-taxi\\\/\"},\"wordCount\":514,\"commentCount\":2,\"publisher\":{\"@id\":\"https:\\\/\\\/www.informacyde.com\\\/blog\\\/#\\\/schema\\\/person\\\/e7e6dfe56d697fdbf8cdc6ab587bd4a3\"},\"image\":{\"@id\":\"https:\\\/\\\/www.informacyde.com\\\/blog\\\/au-quotidien\\\/apres-uber-jai-repris-un-taxi\\\/#primaryimage\"},\"thumbnailUrl\":\"http:\\\/\\\/informacyde.com\\\/blog\\\/wp-content\\\/uploads\\\/2016\\\/08\\\/ubertaxi.jpg\",\"keywords\":[\"qualit\u00e9\",\"service\",\"taxi\",\"uber\"],\"articleSection\":[\"Au quotidien\"],\"inLanguage\":\"fr-FR\",\"potentialAction\":[{\"@type\":\"CommentAction\",\"name\":\"Comment\",\"target\":[\"https:\\\/\\\/www.informacyde.com\\\/blog\\\/au-quotidien\\\/apres-uber-jai-repris-un-taxi\\\/#respond\"]}]},{\"@type\":\"WebPage\",\"@id\":\"https:\\\/\\\/www.informacyde.com\\\/blog\\\/au-quotidien\\\/apres-uber-jai-repris-un-taxi\\\/\",\"url\":\"https:\\\/\\\/www.informacyde.com\\\/blog\\\/au-quotidien\\\/apres-uber-jai-repris-un-taxi\\\/\",\"name\":\"Apr\u00e8s Uber, j'ai repris un taxi - Informacyde\",\"isPartOf\":{\"@id\":\"https:\\\/\\\/www.informacyde.com\\\/blog\\\/#website\"},\"primaryImageOfPage\":{\"@id\":\"https:\\\/\\\/www.informacyde.com\\\/blog\\\/au-quotidien\\\/apres-uber-jai-repris-un-taxi\\\/#primaryimage\"},\"image\":{\"@id\":\"https:\\\/\\\/www.informacyde.com\\\/blog\\\/au-quotidien\\\/apres-uber-jai-repris-un-taxi\\\/#primaryimage\"},\"thumbnailUrl\":\"http:\\\/\\\/informacyde.com\\\/blog\\\/wp-content\\\/uploads\\\/2016\\\/08\\\/ubertaxi.jpg\",\"datePublished\":\"2016-08-13T12:02:08+00:00\",\"breadcrumb\":{\"@id\":\"https:\\\/\\\/www.informacyde.com\\\/blog\\\/au-quotidien\\\/apres-uber-jai-repris-un-taxi\\\/#breadcrumb\"},\"inLanguage\":\"fr-FR\",\"potentialAction\":[{\"@type\":\"ReadAction\",\"target\":[\"https:\\\/\\\/www.informacyde.com\\\/blog\\\/au-quotidien\\\/apres-uber-jai-repris-un-taxi\\\/\"]}]},{\"@type\":\"ImageObject\",\"inLanguage\":\"fr-FR\",\"@id\":\"https:\\\/\\\/www.informacyde.com\\\/blog\\\/au-quotidien\\\/apres-uber-jai-repris-un-taxi\\\/#primaryimage\",\"url\":\"http:\\\/\\\/informacyde.com\\\/blog\\\/wp-content\\\/uploads\\\/2016\\\/08\\\/ubertaxi.jpg\",\"contentUrl\":\"http:\\\/\\\/informacyde.com\\\/blog\\\/wp-content\\\/uploads\\\/2016\\\/08\\\/ubertaxi.jpg\"},{\"@type\":\"BreadcrumbList\",\"@id\":\"https:\\\/\\\/www.informacyde.com\\\/blog\\\/au-quotidien\\\/apres-uber-jai-repris-un-taxi\\\/#breadcrumb\",\"itemListElement\":[{\"@type\":\"ListItem\",\"position\":1,\"name\":\"Accueil\",\"item\":\"https:\\\/\\\/www.informacyde.com\\\/blog\\\/\"},{\"@type\":\"ListItem\",\"position\":2,\"name\":\"Apr\u00e8s Uber, j&rsquo;ai repris un taxi\"}]},{\"@type\":\"WebSite\",\"@id\":\"https:\\\/\\\/www.informacyde.com\\\/blog\\\/#website\",\"url\":\"https:\\\/\\\/www.informacyde.com\\\/blog\\\/\",\"name\":\"Informacyde\",\"description\":\"High-Tech &amp; Co - Depuis 2004\",\"publisher\":{\"@id\":\"https:\\\/\\\/www.informacyde.com\\\/blog\\\/#\\\/schema\\\/person\\\/e7e6dfe56d697fdbf8cdc6ab587bd4a3\"},\"potentialAction\":[{\"@type\":\"SearchAction\",\"target\":{\"@type\":\"EntryPoint\",\"urlTemplate\":\"https:\\\/\\\/www.informacyde.com\\\/blog\\\/?s={search_term_string}\"},\"query-input\":{\"@type\":\"PropertyValueSpecification\",\"valueRequired\":true,\"valueName\":\"search_term_string\"}}],\"inLanguage\":\"fr-FR\"},{\"@type\":[\"Person\",\"Organization\"],\"@id\":\"https:\\\/\\\/www.informacyde.com\\\/blog\\\/#\\\/schema\\\/person\\\/e7e6dfe56d697fdbf8cdc6ab587bd4a3\",\"name\":\"Harold\",\"logo\":{\"@id\":\"https:\\\/\\\/www.informacyde.com\\\/blog\\\/#\\\/schema\\\/person\\\/image\\\/\"},\"sameAs\":[\"https:\\\/\\\/www.linkedin.com\\\/in\\\/harold-birene-6b35a2114\\\/\",\"https:\\\/\\\/x.com\\\/https:\\\/\\\/twitter.com\\\/informacyde\"],\"url\":\"https:\\\/\\\/www.informacyde.com\\\/blog\"}]}<\/script>\n<!-- \/ Yoast SEO plugin. -->","yoast_head_json":{"title":"Apr\u00e8s Uber, j'ai repris un taxi - Informacyde","robots":{"index":"index","follow":"follow","max-snippet":"max-snippet:-1","max-image-preview":"max-image-preview:large","max-video-preview":"max-video-preview:-1"},"canonical":"https:\/\/www.informacyde.com\/blog\/au-quotidien\/apres-uber-jai-repris-un-taxi\/","og_locale":"fr_FR","og_type":"article","og_title":"Apr\u00e8s Uber, j'ai repris un taxi - Informacyde","og_description":"J&rsquo;\u00e9cris ce billet depuis un Uber qui me conduit \u00e0 l&rsquo;a\u00e9roport. Je repense \u00e0 ce que j&rsquo;ai \u00e9crit derni\u00e8rement sur la baisse de qualit\u00e9 du service puisque j&rsquo;ai en face&hellip;","og_url":"https:\/\/www.informacyde.com\/blog\/au-quotidien\/apres-uber-jai-repris-un-taxi\/","og_site_name":"Informacyde","article_published_time":"2016-08-13T12:02:08+00:00","og_image":[{"width":770,"height":381,"url":"https:\/\/i2.wp.com\/www.informacyde.com\/blog\/wp-content\/uploads\/2016\/08\/ubertaxi.jpg?fit=770%2C381&ssl=1","type":"image\/jpeg"}],"author":"Harold","twitter_card":"summary_large_image","twitter_creator":"@https:\/\/twitter.com\/informacyde","twitter_site":"@informacyde","twitter_misc":{"\u00c9crit par":"Harold","Dur\u00e9e de lecture estim\u00e9e":"2 minutes"},"schema":{"@context":"https:\/\/schema.org","@graph":[{"@type":"Article","@id":"https:\/\/www.informacyde.com\/blog\/au-quotidien\/apres-uber-jai-repris-un-taxi\/#article","isPartOf":{"@id":"https:\/\/www.informacyde.com\/blog\/au-quotidien\/apres-uber-jai-repris-un-taxi\/"},"author":{"name":"Harold","@id":"https:\/\/www.informacyde.com\/blog\/#\/schema\/person\/e7e6dfe56d697fdbf8cdc6ab587bd4a3"},"headline":"Apr\u00e8s Uber, j&rsquo;ai repris un taxi","datePublished":"2016-08-13T12:02:08+00:00","mainEntityOfPage":{"@id":"https:\/\/www.informacyde.com\/blog\/au-quotidien\/apres-uber-jai-repris-un-taxi\/"},"wordCount":514,"commentCount":2,"publisher":{"@id":"https:\/\/www.informacyde.com\/blog\/#\/schema\/person\/e7e6dfe56d697fdbf8cdc6ab587bd4a3"},"image":{"@id":"https:\/\/www.informacyde.com\/blog\/au-quotidien\/apres-uber-jai-repris-un-taxi\/#primaryimage"},"thumbnailUrl":"http:\/\/informacyde.com\/blog\/wp-content\/uploads\/2016\/08\/ubertaxi.jpg","keywords":["qualit\u00e9","service","taxi","uber"],"articleSection":["Au quotidien"],"inLanguage":"fr-FR","potentialAction":[{"@type":"CommentAction","name":"Comment","target":["https:\/\/www.informacyde.com\/blog\/au-quotidien\/apres-uber-jai-repris-un-taxi\/#respond"]}]},{"@type":"WebPage","@id":"https:\/\/www.informacyde.com\/blog\/au-quotidien\/apres-uber-jai-repris-un-taxi\/","url":"https:\/\/www.informacyde.com\/blog\/au-quotidien\/apres-uber-jai-repris-un-taxi\/","name":"Apr\u00e8s Uber, j'ai repris un taxi - Informacyde","isPartOf":{"@id":"https:\/\/www.informacyde.com\/blog\/#website"},"primaryImageOfPage":{"@id":"https:\/\/www.informacyde.com\/blog\/au-quotidien\/apres-uber-jai-repris-un-taxi\/#primaryimage"},"image":{"@id":"https:\/\/www.informacyde.com\/blog\/au-quotidien\/apres-uber-jai-repris-un-taxi\/#primaryimage"},"thumbnailUrl":"http:\/\/informacyde.com\/blog\/wp-content\/uploads\/2016\/08\/ubertaxi.jpg","datePublished":"2016-08-13T12:02:08+00:00","breadcrumb":{"@id":"https:\/\/www.informacyde.com\/blog\/au-quotidien\/apres-uber-jai-repris-un-taxi\/#breadcrumb"},"inLanguage":"fr-FR","potentialAction":[{"@type":"ReadAction","target":["https:\/\/www.informacyde.com\/blog\/au-quotidien\/apres-uber-jai-repris-un-taxi\/"]}]},{"@type":"ImageObject","inLanguage":"fr-FR","@id":"https:\/\/www.informacyde.com\/blog\/au-quotidien\/apres-uber-jai-repris-un-taxi\/#primaryimage","url":"http:\/\/informacyde.com\/blog\/wp-content\/uploads\/2016\/08\/ubertaxi.jpg","contentUrl":"http:\/\/informacyde.com\/blog\/wp-content\/uploads\/2016\/08\/ubertaxi.jpg"},{"@type":"BreadcrumbList","@id":"https:\/\/www.informacyde.com\/blog\/au-quotidien\/apres-uber-jai-repris-un-taxi\/#breadcrumb","itemListElement":[{"@type":"ListItem","position":1,"name":"Accueil","item":"https:\/\/www.informacyde.com\/blog\/"},{"@type":"ListItem","position":2,"name":"Apr\u00e8s Uber, j&rsquo;ai repris un taxi"}]},{"@type":"WebSite","@id":"https:\/\/www.informacyde.com\/blog\/#website","url":"https:\/\/www.informacyde.com\/blog\/","name":"Informacyde","description":"High-Tech &amp; Co - Depuis 2004","publisher":{"@id":"https:\/\/www.informacyde.com\/blog\/#\/schema\/person\/e7e6dfe56d697fdbf8cdc6ab587bd4a3"},"potentialAction":[{"@type":"SearchAction","target":{"@type":"EntryPoint","urlTemplate":"https:\/\/www.informacyde.com\/blog\/?s={search_term_string}"},"query-input":{"@type":"PropertyValueSpecification","valueRequired":true,"valueName":"search_term_string"}}],"inLanguage":"fr-FR"},{"@type":["Person","Organization"],"@id":"https:\/\/www.informacyde.com\/blog\/#\/schema\/person\/e7e6dfe56d697fdbf8cdc6ab587bd4a3","name":"Harold","logo":{"@id":"https:\/\/www.informacyde.com\/blog\/#\/schema\/person\/image\/"},"sameAs":["https:\/\/www.linkedin.com\/in\/harold-birene-6b35a2114\/","https:\/\/x.com\/https:\/\/twitter.com\/informacyde"],"url":"https:\/\/www.informacyde.com\/blog"}]}},"jetpack_featured_media_url":"","jetpack_shortlink":"https:\/\/wp.me\/piIgU-2p4","jetpack_sharing_enabled":true,"_links":{"self":[{"href":"https:\/\/www.informacyde.com\/blog\/wp-json\/wp\/v2\/posts\/9242","targetHints":{"allow":["GET"]}}],"collection":[{"href":"https:\/\/www.informacyde.com\/blog\/wp-json\/wp\/v2\/posts"}],"about":[{"href":"https:\/\/www.informacyde.com\/blog\/wp-json\/wp\/v2\/types\/post"}],"author":[{"embeddable":true,"href":"https:\/\/www.informacyde.com\/blog\/wp-json\/wp\/v2\/users\/10"}],"replies":[{"embeddable":true,"href":"https:\/\/www.informacyde.com\/blog\/wp-json\/wp\/v2\/comments?post=9242"}],"version-history":[{"count":0,"href":"https:\/\/www.informacyde.com\/blog\/wp-json\/wp\/v2\/posts\/9242\/revisions"}],"wp:attachment":[{"href":"https:\/\/www.informacyde.com\/blog\/wp-json\/wp\/v2\/media?parent=9242"}],"wp:term":[{"taxonomy":"category","embeddable":true,"href":"https:\/\/www.informacyde.com\/blog\/wp-json\/wp\/v2\/categories?post=9242"},{"taxonomy":"post_tag","embeddable":true,"href":"https:\/\/www.informacyde.com\/blog\/wp-json\/wp\/v2\/tags?post=9242"}],"curies":[{"name":"wp","href":"https:\/\/api.w.org\/{rel}","templated":true}]}}